{"id":337,"date":"2007-04-13T20:41:27","date_gmt":"2007-04-13T19:41:27","guid":{"rendered":"https:\/\/www.yelloworb.com\/orbblog\/?p=337"},"modified":"2007-04-18T20:54:01","modified_gmt":"2007-04-18T19:54:01","slug":"sjunde-veckan","status":"publish","type":"post","link":"https:\/\/www.yelloworb.com\/orbblog\/sjunde-veckan\/","title":{"rendered":"Sjunde veckan"},"content":{"rendered":"<p>M\u00e5ndag 2\/4<br \/>\nLedig dag igen. Under natten bl\u00e5ste det upp ordentligt och SMHI m\u00e4tte upp mot 25 m\/s. Det bullrade r\u00e4tt ordentligt s\u00e5 sov inte allt f\u00f6r bra. N\u00e4r jag vaknade var det ordentligt sn\u00f6drev och \u00e4ven sn\u00f6fall s\u00e5 man s\u00e5g inte mer \u00e4n n\u00e5got ledkryss bort. K\u00e4ndes inte lockande att bege sig ut s\u00e5 idag blev det en inne dag. Bland annat l\u00e5nga fikor och en hel del filmtittande. Bland annat hela andra s\u00e4songen av The Office. <\/p>\n<p>Tisdag 3\/4<br \/>\nTillbaka som vaktm\u00e4stare. Under p\u00e5sken som \u00e4r till helgen skall vi ha en bar och servera bla hamburgare fr\u00e5n. S\u00e5 b\u00f6rjade att bygga p\u00e5 den. Det bl\u00e5ste inte lika mkt idag och sn\u00f6ade inget. Men redan hade det kommit ca en meter h\u00f6g vall framf\u00f6r personalhuset. Vi dividerade om vi skulle beh\u00f6va ring efter Jan-Martin och pistmaskin innan p\u00e5sk eller inte. I s\u00e5 fall skulle han kunna skotta ihop en sn\u00f6h\u00f6g till baren och sedan skulle det bara vara och gr\u00e4va ut baren. Men f\u00f6r att vara p\u00e5 den s\u00e4kra sidan b\u00f6rjade jag med att skotta ihop sn\u00f6 f\u00f6r hand till en bar. Den kommer bli ca 4 meter i diameter, i form av ett O med en liten \u00f6ppning i ringen. Jag skottade inte ihop n\u00e5gon hel h\u00f6g utan bara sj\u00e4lva vallen. Det var n\u00e5gra minus grader s\u00e5 sn\u00f6n var v\u00e4ldigt por\u00f6s s\u00e5 den fick ligga sedan f\u00f6r att frysa till.<br \/>\nSMHI har f\u00f6rutsp\u00e5tt storm imorgon i den prognos vi f\u00e5r p\u00e5 faxen varje morgon. Det \u00e4r en tj\u00e4nst som vi betalar f\u00f6r. F\u00e5r se hur mkt bar byggande och annat det blir.<br \/>\nEn kompis till Mats som heter Ulf har kommit upp f\u00f6r att hj\u00e4lpa till n\u00e5gra dagar f\u00f6r att vi skall klara av den v\u00e4rsta ruschen. Nu verkar det dock inte bli s\u00e5 hektisk p\u00e5sk f\u00f6r SMHIs prognoser har f\u00e5tt m\u00e5nga att \u00e4ndra sina semesterplaner och vi har haft mycket avbokningar sista tiden. \u00c4ven varit f\u00e5 g\u00e4ster som kommit obokat.<\/p>\n<p>Onsdag 4\/4<br \/>\n<a href=\"http:\/\/www.flickr.com\/photos\/shootr\/464319468\/\" title=\"Photo Sharing\"><img loading=\"lazy\" decoding=\"async\" src=\"http:\/\/farm1.static.flickr.com\/187\/464319468_8e69063b1d_m.jpg\" width=\"180\" height=\"240\" alt=\"DSC00591\" align=\"left\" Hspace=\"10\" Vspace=\"10\"  \/><\/a><br \/>\nNatten var relativt lugn, det bl\u00e5ste en del men inte lika mycket som natten till m\u00e5ndag. Det hade dock sn\u00f6at mycket s\u00e5 det gick inte att g\u00e5 ut genom d\u00f6rren p\u00e5 personalhuet, s\u00e5 vi fick anv\u00e4nda f\u00f6nstrena som tidigare. Det var dock r\u00e4tt varmt, strax \u00f6ver noll. Ulf och Olle hj\u00e4lpte till med att skotta fram stationen p\u00e5 morgonen. I stort sett vartenda f\u00f6nster mot v\u00e4ster p\u00e5 norra korridoren var helt igen sn\u00f6at, sn\u00f6drivan l\u00e5g upp mot taket. Det var r\u00e4tt tung sn\u00f6 att skotta bort d\u00e5 den b\u00f6rjat sm\u00e4lta lite. Dock f\u00f6rdelen ar att det var l\u00e4tt att bygga p\u00e5 baren ist\u00e4llet. Efter lunchrasten gjorde jag och Olle n\u00e4stan klart hela baren.<br \/>\nUnder dagen var v\u00e4dret r\u00e4tt bra och under eftermiddagen s\u00e5g vi \u00e4nda ned till Getryggen som ligger vid storulv\u00e5n, ca 16 km bort. Stundtals tittade \u00e4ven solen fram. Det kom dock inte mycket g\u00e4ster men de som kom, ca 10-tal hade inte haft det allt f\u00f6r jobbigt upp fr\u00e5n Storulv\u00e5n. Ett g\u00e4ng dock som kom fr\u00e5n Bl\u00e5hammaren hade haft det r\u00e4tt besv\u00e4rligt p\u00e5 f\u00f6rmiddagen men det berodde inte p\u00e5 n\u00e5gon bl\u00e5st utan att de haft t\u00e4t dimma och endast sett n\u00e5got ledkryss fram. De hade haft extra sv\u00e5rt i nedf\u00f6rsluten. N\u00e4r vi tittat p\u00e5 SMHIs hemsida f\u00f6r observationer p\u00e5 v\u00e4derstationen som finns h\u00e4r s\u00e5 var medelvinden ca 14 m\/s dock \u00f6ver 20 som max i byarna. Men inte storm iaf.<br \/>\nP\u00e5 kv\u00e4llskvisten b\u00f6rjade det sn\u00f6a igen samt bl\u00e5sa mer. Nu har SMHI \u00e4ndrat sina prognoser lite och pratar om storm i natt och imorgon f\u00f6rmiddag. Den som lever f\u00e5r se&#8230; I vilket fall det drevar p\u00e5 sn\u00f6 ordentligt och drivan utanf\u00f6r personalhuset \u00e4r nu h\u00f6gre \u00e4n f\u00f6nstrena s\u00e5 vi kan inte se \u00f6ver den, dock ser vi ut \u00e4n. Det blev lite vadslagning om hur mycket av f\u00f6nstrena i k\u00f6ket kommer vara \u00f6versn\u00f6ade imorgon. Jag satsade p\u00e5 att de kommer vara helt \u00f6vert\u00e4ckta(ca 40-50 cm \u00f6ver den niv\u00e5 sn\u00f6n var p\u00e5 \u00e4r vi slog vad).<\/p>\n<p>Torsdag 5\/4<br \/>\n<a href=\"http:\/\/www.flickr.com\/photos\/shootr\/461933064\/\" title=\"Photo Sharing\"><img loading=\"lazy\" decoding=\"async\" src=\"http:\/\/farm1.static.flickr.com\/202\/461933064_a2480c158b_m.jpg\" width=\"160\" height=\"240\" alt=\"182\" align=\"left\" Hspace=\"10\" Vspace=\"10\"  \/><\/a><br \/>\nSk\u00e4rtorsdag.<br \/>\nP\u00e5 morgonen var vi ju tvugna att kolla sn\u00f6niv\u00e5n. Det var inte helt l\u00e4tt att avg\u00f6ra vem som vunnit f\u00f6r niv\u00e5n var lite olika p\u00e5 olika st\u00e4llen p\u00e5 f\u00f6nstret och vi hade inte satt v\u00e5ra lappar p\u00e5 rad. Sedan var det en annan niv\u00e5 utanf\u00f6r med. Men Olle eller Anna vann. Det bl\u00e5ste en hel del p\u00e5 natten dock inte storm annat \u00e4n i byarna.<br \/>\nUnder dagen fortsatte den starka vinden men det var omkring 15 m\/s. Det sn\u00f6ade ocks\u00e5 mycket. N\u00e5gra av g\u00e4sterna begav sig av mot Storulv\u00e5n och ett annat g\u00e4ng mot Helags. Resterande beslutade sig f\u00f6r att stanna och v\u00e4nta tills b\u00e4ttre v\u00e4der. Det anl\u00e4nde inga nya g\u00e4ster. En av anledningarna var att v\u00e4gen till Storulv\u00e5n avst\u00e4ngd s\u00e5 de som kom upp till Storulv\u00e5n kom dit r\u00e4tt sent. B\u00f6rje och Jan-Martin k\u00f6rde folk mellan Enafors och Storulv\u00e5n f\u00f6r i Enafors \u00e4r det inte mycket m\u00f6jligheter till att stanna \u00f6ver.<br \/>\nUnder den l\u00e5nga lunchrasten passade jag p\u00e5 att tr\u00e4na lite tranceiver s\u00f6kning. Ulf hj\u00e4lpte mig och g\u00f6mma tre stycken runt omkring stationen. Det gick r\u00e4tt bra. P\u00e5 23 minuter hann han g\u00f6mma dem och jag leta upp alla tre. En var lite extra lurig f\u00f6r den hade han lagt mitt p\u00e5 platten, vilket troligtvis var nog den mest autentiska med. Vinden gjorde att alla sp\u00e5r snabbt f\u00f6rsvann s\u00e5 det fanns inga ledtr\u00e5dar annat \u00e4n att s\u00f6ka. Olle och Ulf gr\u00e4vde en bivack utanf\u00f6r Kl\u00e4ppen som jag bes\u00f6kte ocks\u00e5 och hj\u00e4lpte till med n\u00e5graskottag medans Ulf g\u00f6mde tranceivers.<br \/>\nAv de g\u00e4ster som begav sig av kom ingen fram som de t\u00e4nkt. G\u00e4nget mot Helags \u00f6vernattade i vindskyddet i Mieskentjakke och de som gick mot Storulv\u00e5n blev fast i Sp\u00e5ime och sedan r\u00e4ddade av Fj\u00e4llr\u00e4ddningen.<\/p>\n<p>Fredag 6\/4<br \/>\n<a href=\"http:\/\/www.flickr.com\/photos\/shootr\/461941259\/\" title=\"Photo Sharing\"><img loading=\"lazy\" decoding=\"async\" src=\"http:\/\/farm1.static.flickr.com\/247\/461941259_53ed76e277_m.jpg\" width=\"240\" height=\"160\" alt=\"186\" align=\"left\" Hspace=\"10\" Vspace=\"10\"  \/><\/a><br \/>\nL\u00e5ngfredag.<br \/>\nIdag var det b\u00e4ttre v\u00e4der och alla g\u00e4ster begav sig av r\u00e4tt tidigt. De l\u00e4mnade en tom station efter sig. I och med att inga kommit ig\u00e5r och v\u00e4derprognoserna har vart d\u00e5liga var vi r\u00e4dda att vi inte skulle f\u00e5 en enda g\u00e4st, men framm\u00e5t eftermiddagen b\u00f6rjade det dyka upp lite folk. Totalt fick vi nog ca 20 g\u00e4ster, men det \u00e4r v\u00e4ldigt l\u00e5ngt fr\u00e5n de 200 som brukar komma varje dag i p\u00e5sken.<br \/>\nDet sn\u00f6ade dock ymigt hela dagen s\u00e5 jag hade en hel del att skotta. Tex s\u00e5 skottade jag rent entren, gick till n\u00f6dutg\u00e5ngen p\u00e5 norra korridoren och skottade rent den. N\u00e4r jag v\u00e4l kom tillbaka till entren l\u00e5g d\u00e4r redan 2 cm sn\u00f6.<br \/>\nMattias och Ulf begav sig hem idag s\u00e5 nu \u00e4r vi bara ordinarie styrkan p\u00e5 plats, men med ca 20 tal g\u00e4ster klarar vi det l\u00e4tt. Dock har de b\u00e5da varit ett glatt och friskt tillskott h\u00e4r. Ulf kommer v\u00e4l inte upp igen och om jag kommer ih\u00e5g g\u00f6r inte Mattias det heller men det har pratats om att ha avslut i Trondheim s\u00e5 d\u00e5 f\u00e5r vi s\u00e4kert tr\u00e4ffa Mattias igen d\u00e5 han bor d\u00e4r.<br \/>\nDet var aldrig l\u00e4ga att \u00f6ppna upp utomhus baren idag men vi har dragit ig\u00e5ng lite p\u00e5sk aktiviteter. Bland annat h\u00f6ll vi i ett pulkarace p\u00e5 eftermiddagen, men det blev bara personal i det d\u00e5 inga g\u00e4ster anl\u00e4nt. Olle vann, jag kom tv\u00e5, Lisa tre och Jenny o Vilda kom fyra. Lisa hade hittat en riktigt bra backe. Mats tog en hel del bilder, hoppas n\u00e5gra blev bra. Sedan har vi b\u00f6rjat f\u00f6rbereda morgondagens p\u00e5skbuffe. Jag och Anna bakade 5 kesochokladkakor, och sedan gjorde Anna och Lisa 4 till medans jag skottade fram stationen igen. P\u00e5 kv\u00e4llen k\u00f6rde Mats lite bildspel och vi hade en gissningst\u00e4vling d\u00e4r det g\u00e4llde att gissa antaler godisp\u00e5sk\u00e4gg i en burk. Den g\u00e4st som gissade b\u00e4st missade med 2 \u00e4gg, det var 106 \u00e4gg i burken. Bra gjort!<\/p>\n<p>L\u00f6rdag 7\/4<br \/>\n<a href=\"http:\/\/www.flickr.com\/photos\/shootr\/461933716\/\" title=\"Photo Sharing\"><img loading=\"lazy\" decoding=\"async\" src=\"http:\/\/farm1.static.flickr.com\/247\/461933716_6578cf2891_m.jpg\" width=\"240\" height=\"160\" alt=\"187\" align=\"left\" Hspace=\"10\" Vspace=\"10\"  \/><\/a><br \/>\nP\u00e5skafton.<br \/>\nV\u00e4dret var n\u00e4stan samma idag som ig\u00e5r. En del g\u00e4ster gav sig av n\u00e5gra stannade. Vi hade ca 35 g\u00e4ster som \u00f6vernattade och det kanske var 15-20 som stannade. Fr\u00e5gan var hur m\u00e5nga som skulle komma upp under dagen. Vi hade en hel del bokningar.<br \/>\nSkulle jobba som vaktm\u00e4stare men Mats undrade om jag ville hj\u00e4lpa till med p\u00e5skbuffen viket jag g\u00e4rnagjorde s\u00e5 Olle gick in som vaktm\u00e4stare ist\u00e4llet. Var inte helt enkelt att planera d\u00e5 det var r\u00e4tt os\u00e4kert hur m\u00e5nga som skulle \u00e4ta. Efter 10-fikan hade vi 15 bokningar p\u00e5 buffen men vi hade \u00e4ven ca 40 bokningar av rum och de flesta brukar \u00e4ta av buffen. Vi chansade att ca 55 personer skulle \u00e4ta, d\u00e5 inklusive personalen. Efter\u00e5t visade det sig att 30 g\u00e4ster k\u00f6pte buffen s\u00e5 det blev en hel del \u00f6ver, dock mest potatis, k\u00f6ttbullar och prinskorvar s\u00e5 det \u00e4r s\u00e5nt vi kan ha till lunch fram\u00f6ver.<br \/>\nAnnars \u00e4gnade vi dagen \u00e5t lite p\u00e5skpyssel och p\u00e5skaktiviteter. Bland annat bl\u00e5ste vi \u00e4gg och m\u00e5lade och h\u00e4ngde upp i v\u00e5rt improviserade p\u00e5skris av stavar. Sedan ordnade Ann, Lina och Anna p\u00e5sk\u00e4ggsjakt efter middagen. Det var himla skoj! Alla fick olika saker i sina \u00e4gg. Jag fick tv\u00e5 packet oboy f\u00f6rutom massa gott godis. Skall bli gott med varm choklad de kommande dagarna.<\/p>\n<p>S\u00f6ndag 8\/4<br \/>\n<a href=\"http:\/\/www.flickr.com\/photos\/shootr\/461934896\/\" title=\"Photo Sharing\"><img loading=\"lazy\" decoding=\"async\" src=\"http:\/\/farm1.static.flickr.com\/195\/461934896_996bdec02d_m.jpg\" width=\"240\" height=\"160\" alt=\"194\"  align=\"left\" Hspace=\"10\" Vspace=\"10\"  \/><\/a><br \/>\nP\u00e5skdagen.<br \/>\nP\u00e5sken har varit katastrofal i \u00e5r. Normalt kommer det upp mot 200 g\u00e4ster varje dag under p\u00e5sken. Natten mellan p\u00e5skafton och idag hade vi 70 g\u00e4ster och det \u00e4r det mesta vi haft n\u00e5gon natt under hela p\u00e5sken.<br \/>\nV\u00e4dret s\u00e5g ut dock att bli fint idag och tills imorgon har SMHI lovat riktigt fint. Vid 10-tiden fick jag och Anna reda p\u00e5 att vi skulle bli lediga fr\u00e5n 12 respektive 10. Det nya schemat hade ocks\u00e5 dykt upp och enligt det skulle Anna vara ledig de tv\u00e5 kommande dagarna men jag hade bara f\u00e5tt ledigt m\u00e5ndag och skulle sedan jobba 6 dagar i rad igen. Det hela verkade konstigt och jag fr\u00e5gade Mats om det vilket resulterade i att \u00e4ven jag fick ledigt p\u00e5 tisdag. S\u00e5 d\u00e5 best\u00e4mde vi oss f\u00f6r att dra iv\u00e4g n\u00e5gonstans. Vi v\u00e4gde mellan en tur till Stor-Erikvollen och sedan Nedalshytta eller att efter Stor-Erik g\u00e5 till Bl\u00e5hammaren. Best\u00e4mde att ta beslutet senare n\u00e4r vi visste lite mer om v\u00e4dret p\u00e5 tisdag.<br \/>\nDet blev en kanonf\u00e4rd mot Stor-Erik. Sn\u00f6n l\u00e5g gnistrande p\u00e5 marken i ett tjockt pudert\u00e4cke. F\u00f6rsta biten i backen upp fr\u00e5n stationen var lite jobbig d\u00e5 det var djup mjuksn\u00f6 men n\u00e4r vi v\u00e4lkom upp p\u00e5 kr\u00f6net var den mer vindpackad och l\u00e4tt \u00e5kt. Vid Fisk\u00e5tj\u00e4rn m\u00f6tte vi tre svenskar som g\u00e5tt fr\u00e5n Stor-Erik. De hade haft det r\u00e4t jobbigt i den djupa sn\u00f6n. Vi lunchade i vindskyddet Fisk\u00e5h\u00f6gda och sedan fick vi ett fint \u00e5k i utf\u00f6rslutet och i svenskarnas sp\u00e5r. Vi fortsatte att f\u00f6lja deras sp\u00e5r \u00f6ver sj\u00f6n tills det korsade den ruskade leden \u00f6ver sj\u00f6n som vi f\u00f6ljde d\u00e4refter upp till Stor-Erik. Vi begav oss fr\u00e5n station vid halv-tv\u00e5 och var framme vid halv-fem s\u00e5 inklusive lunchrast tog det cirka fyra timmar att \u00e5ka de knappa 2 milen.<br \/>\nVi var de enda tv\u00e5 g\u00e4sterna de hade denna kv\u00e4ll s\u00e5 vi fick ett varmt v\u00e4lkomnande. Till middag fick vi R\u00f6mmegr\u00f6t med Spekemat och efter det blev det fika med olika sorters kakor. Lite efter \u00e5tta kom tv\u00e5 svenska fj\u00e4llr\u00e4ddare p\u00e5 bes\u00f6k som var ute och rekade lederna. De stannade n\u00e5gon timme eller s\u00e5. Vi fick h\u00f6ra m\u00e5nga historier fr\u00e5n personalen p\u00e5 Stor-Erik om allt m\u00f6jligt fr\u00e5n vedupplag till \u00f6rnar. Framm\u00e5t tio var b\u00e5de jag och Anna d\u00f6dstr\u00f6tta och gick och la oss efter en kanondag och en mysig kv\u00e4ll p\u00e5 Stor-Erik. En v\u00e4ldigt mysig hytta.<\/p>\n","protected":false},"excerpt":{"rendered":"<p>M\u00e5ndag 2\/4 Ledig dag igen. Under natten bl\u00e5ste det upp ordentligt och SMHI m\u00e4tte upp mot 25 m\/s. Det bullrade r\u00e4tt ordentligt s\u00e5 sov inte allt f\u00f6r bra. N\u00e4r jag vaknade var det ordentligt sn\u00f6drev och \u00e4ven sn\u00f6fall s\u00e5 man s\u00e5g inte mer \u00e4n n\u00e5got ledkryss bort. K\u00e4ndes inte lockande att bege sig ut s\u00e5 [&hellip;]<\/p>\n","protected":false},"author":2,"featured_media":0,"comment_status":"open","ping_status":"open","sticky":false,"template":"","format":"standard","meta":{"_et_pb_use_builder":"","_et_pb_old_content":"","_et_gb_content_width":"","footnotes":""},"categories":[34],"tags":[],"class_list":["post-337","post","type-post","status-publish","format-standard","hentry","category-sylarna"],"_links":{"self":[{"href":"https:\/\/www.yelloworb.com\/orbblog\/wp-json\/wp\/v2\/posts\/337","targetHints":{"allow":["GET"]}}],"collection":[{"href":"https:\/\/www.yelloworb.com\/orbblog\/wp-json\/wp\/v2\/posts"}],"about":[{"href":"https:\/\/www.yelloworb.com\/orbblog\/wp-json\/wp\/v2\/types\/post"}],"author":[{"embeddable":true,"href":"https:\/\/www.yelloworb.com\/orbblog\/wp-json\/wp\/v2\/users\/2"}],"replies":[{"embeddable":true,"href":"https:\/\/www.yelloworb.com\/orbblog\/wp-json\/wp\/v2\/comments?post=337"}],"version-history":[{"count":0,"href":"https:\/\/www.yelloworb.com\/orbblog\/wp-json\/wp\/v2\/posts\/337\/revisions"}],"wp:attachment":[{"href":"https:\/\/www.yelloworb.com\/orbblog\/wp-json\/wp\/v2\/media?parent=337"}],"wp:term":[{"taxonomy":"category","embeddable":true,"href":"https:\/\/www.yelloworb.com\/orbblog\/wp-json\/wp\/v2\/categories?post=337"},{"taxonomy":"post_tag","embeddable":true,"href":"https:\/\/www.yelloworb.com\/orbblog\/wp-json\/wp\/v2\/tags?post=337"}],"curies":[{"name":"wp","href":"https:\/\/api.w.org\/{rel}","templated":true}]}}