{"id":341,"date":"2007-05-07T20:33:33","date_gmt":"2007-05-07T19:33:33","guid":{"rendered":"https:\/\/www.yelloworb.com\/orbblog\/?p=341"},"modified":"2007-05-07T20:33:33","modified_gmt":"2007-05-07T19:33:33","slug":"sista-veckan-pa-sylarna","status":"publish","type":"post","link":"https:\/\/www.yelloworb.com\/orbblog\/sista-veckan-pa-sylarna\/","title":{"rendered":"Sista veckan p\u00e5 Sylarna"},"content":{"rendered":"<p>M\u00e5ndag 30\/4<br \/>\n<a href=\"http:\/\/www.flickr.com\/photos\/shootr\/488688628\/\" title=\"Photo Sharing\"><img loading=\"lazy\" decoding=\"async\" src=\"http:\/\/farm1.static.flickr.com\/193\/488688628_230d0ebfb5_m.jpg\" width=\"160\" height=\"240\" alt=\"290\" align=\"left\" Hspace=\"10\" Vspace=\"10\" \/><\/a><br \/>\nValborg. Idag var v\u00e4dret ungef\u00e4r samma som ig\u00e5r. Christian som var med p\u00e5 den ena fotokursen kom tillbaka och h\u00e4lsade p\u00e5. Han hade hoppats kunna fota lite av renarna men v\u00e4dret satte stopp f\u00f6r det. Dimman gjorde det om\u00f6jligt att hitta n\u00e5gra renar.<br \/>\nInnan lunch gjorde jag och Mats iordning Majbrasan. Vi r\u00f6jde lite p\u00e5 vinden och hittade en hel del bra virke att elda, tex en gammal tr\u00e4s\u00e4ng. Det blev en r\u00e4tt ordentlig h\u00f6g. Vid 18-tiden passade vi p\u00e5 innan brasan att bjuda g\u00e4sterna p\u00e5 lite torkat renk\u00f6tt samt \u00e4lg- och ren-korv. Dessa skulle g\u00e5 ut innan sommaren och vi skulle inte hinna s\u00e4lja alla s\u00e5 vi tyckte det var b\u00e4ttre vi bj\u00f6d p\u00e5 det och kanske n\u00e5gon passade p\u00e5 ist\u00e4llet att k\u00f6pa med en bit hem fr\u00e5n butiken. Kl 8 var det s\u00e5 dags f\u00f6r Majbrasan. Det var ordentligt dimmigt men en del g\u00e4ster kom ner och tittade p\u00e5.<br \/>\nUnder dagen fick vi nytt same-bes\u00f6k, Reidar och Kerstin. P\u00e5 kv\u00e4llen hade vi en liten fest eftersom det var sista kv\u00e4llen p\u00e5 Sylarna f\u00f6r vintern. Det blev lite udda nog kr\u00e4ftskiva och f\u00f6r oss som inte \u00e4r stormf\u00f6rtjusta i kr\u00e4ftor fanns \u00e4ven varmrkt lax. Jag \u00e5t ett par kr\u00e4ftor men sedan fick det bli lax f\u00f6r min del. Vi bj\u00f6d in \u00e4ven Reidar och Kerstin p\u00e5 kr\u00e4ftskivan. F\u00f6rsta g\u00e5ngen med kr\u00e4ftor f\u00f6r Reidars del. <\/p>\n<p>Tisdag 1\/5<br \/>\n<a href=\"http:\/\/www.flickr.com\/photos\/shootr\/488690546\/\" title=\"Photo Sharing\"><img loading=\"lazy\" decoding=\"async\" src=\"http:\/\/farm1.static.flickr.com\/221\/488690546_9c760cfeb2_m.jpg\" width=\"240\" height=\"160\" alt=\"299\" align=\"left\" Hspace=\"10\" Vspace=\"10\" \/><\/a><br \/>\n1:a Maj, sista dagen.<br \/>\nDagen b\u00f6rjade som vilken annan dag som helst egentligen d\u00e5 vi hade g\u00e4ster \u00f6ver natten och inte kunde st\u00e4nga f\u00f6rr\u00e4n de g\u00e5tt. V\u00e4dret har varit si s\u00e5 d\u00e4r de sista dagarna. Speciellt har det varit en hel del dimma p\u00e5 morgon och kv\u00e4ll. D\u00e4rf\u00f6r \u00e4r det v\u00e4ldigt tveksamt om vi kan flyga hem imorgon bitti. Vi m\u00e5ste med Nabo-t\u00e5gt till Trondheim som g\u00e5r kl 10. Mats best\u00e4mde d\u00e4rf\u00f6r att vi flyger hem redan idag. S\u00e5 n\u00e4r v\u00e4l det var beslutat blev det r\u00e4tt hektiskt att hinna med allt slutst\u00e4d. Men vi hann med det mesta innan Marcus d\u00f6k upp med helikoptern.<br \/>\nDet blev en fantastisk helikopter f\u00e4rd. Dimman hade redan b\u00f6rjat dra sig samman s\u00e5 f\u00f6r att kunna ha en markreferens fick Markus flyga r\u00e4tt l\u00e5gt. Sv\u00e5rt att uppskatta hur h\u00f6gt upp men kanske ca 100 m. N\u00e4r vi kom ned mot Storulv\u00e5n l\u00e4ttade det upp men blev samtidigt lite mer turbolent. Den helt klart fr\u00e4ckaste delen var precis innan vi kom fram till Hand\u00f6l. Vi f\u00f6ljde mer eller mindre Hand\u00f6lan och precis n\u00e4r den kommer ner mot Hand\u00f6l, vid t\u00e4ljstensbrottet, faller den i ett stort vatten fall. H\u00e4r gjorde Markus en kraftig dykning ner mot forsen eftet vattenfallet. Man k\u00e4nde hur man l\u00e4ttade lite fr\u00e5n s\u00e4tet och allt man s\u00e5g framm\u00e5t var Hand\u00f6lan. Fr\u00e4ckt! N\u00e5gon minut senare s\u00e4nkte vi oss ned p\u00e5 vagnen som stod utanf\u00f6r hangaren hemma hos Jan-Martin.<br \/>\nEfter att fixat lite med packningen och att Mats kommit ned med skotern fr\u00e5n Sylarna s\u00e5 var det dags att bege sig vidare mot Trondheim. Dock \u00e5kte vi inte s\u00e5 l\u00e5ngt utan beslutade att \u00f6vernatta i Storlien, eller r\u00e4ttare sagt p\u00e5 Storvallens fj\u00e4llcenter. Men n\u00e4r vi skulle ta min bil uppt\u00e4ckte vi att det \u00e4r inte s\u00e5 bra att ha den st\u00e5ende med batteriet ikopplat i 2.5 m\u00e5nad. Den var stend\u00f6d. Det var s\u00e5 d\u00f6tt att motorelektroniken inte ens fungerade som den skulle och bilen inte kunde h\u00e5lla tomg\u00e5ng sj\u00e4lv ens. Men efter en bra stund var det iaf tillr\u00e4ckligt f\u00f6r att kunna k\u00f6ra vidare. Men visade sig att det inte r\u00e4ckte f\u00f6r att starta igen s\u00e5 det blev startkablar p\u00e5 nytt. Innan vi tog in p\u00e5 Fj\u00e4llcentret \u00e5t vi lite middag p\u00e5 Sylvias Kanonbar i Storlien. Alla jublade \u00f6ver att f\u00e5 pizza eller kebab. Lina och Ann hittade en \u00f6ppen kiosk j\u00e4mte baren och sprang dit och tokhandlade lite. N\u00e4r vi v\u00e4l kom fram till centret fick vi l\u00e5na en batteriladdare s\u00e5 f\u00f6rhoppningsvis skall det g\u00e5 bra imorgon. Alla var r\u00e4tt tr\u00f6tta s\u00e5 det blev lite TV och speciellt nyheter innan alla gick och la sig.<\/p>\n<p>Onsdag 2\/5<br \/>\n<a href=\"http:\/\/www.flickr.com\/photos\/shootr\/488721801\/\" title=\"Photo Sharing\"><img loading=\"lazy\" decoding=\"async\" src=\"http:\/\/farm1.static.flickr.com\/200\/488721801_2c44896159_m.jpg\" width=\"160\" height=\"240\" alt=\"307\" align=\"left\" Hspace=\"10\" Vspace=\"10\" \/><\/a><br \/>\nT\u00e5get fr\u00e5n Storlien gick inte f\u00f6rr\u00e4n vid kvart \u00f6ver tio s\u00e5 det blev en r\u00e4tt lugn morgon. Det som var mest sp\u00e4nnande var om min bil skulle starta eller inte. Till allas jubel s\u00e5 spann den ig\u00e5ng som en liten katt. Gud vad sk\u00f6nt det \u00e4r n\u00e4r bilen inte kr\u00e5nglar!<br \/>\nResan ned till Trondheim var lite av en upplevelse d\u00e5 vi p\u00e5 ca en timme \u00e5kte igenom hela mars och april. I Storlien d\u00e4r vi b\u00f6rjade hade sn\u00f6n precis b\u00f6rjat sm\u00e4lta undan och allt fult under den kommit fram och n\u00e4r vi v\u00e4l kom ned mot Trondheim hade bj\u00f6rkarna sm\u00e5 gr\u00f6na blad!<br \/>\nDagen spenderade vi genom att vandra runt inne i Trondheim. B\u00e5de jag och Lina l\u00e4ngtade v\u00e4ldigt mycket efter en riktig kaffe, helst en latte s\u00e5 det som stod \u00f6verst p\u00e5 \u00f6nskelistan var ett riktigt cafe. Men till v\u00e5r besvikelse hade inga av de vi kom till f\u00f6rst n\u00e5gra latte. Flera hade s\u00f6ndriga maskiner. Men senare p\u00e5 eftermiddagen fick vi v\u00e5ra Latte p\u00e5 Cafe Dromedar.<br \/>\nP\u00e5 kv\u00e4llen gick vi till en restaurang som heter Jonathan. D\u00e4r \u00e5t vi alla gott och hade ne riktigt trevlig kv\u00e4ll. Efter\u00e5t gick vi vidar f\u00f6r en \u00f6l.<\/p>\n<p>Torsdag 3\/5<br \/>\n<a href=\"http:\/\/www.flickr.com\/photos\/shootr\/488696170\/\" title=\"Photo Sharing\"><img loading=\"lazy\" decoding=\"async\" src=\"http:\/\/farm1.static.flickr.com\/218\/488696170_af787816c9_m.jpg\" width=\"160\" height=\"240\" alt=\"322\" align=\"left\" Hspace=\"10\" Vspace=\"10\" \/><\/a><br \/>\nHalv\u00e5tta begav vi oss av fr\u00e5n Trondheim och i Storlien tog vi bilarna till Jan-Martin f\u00f6r att packa om och s\u00e4ga farv\u00e4l. N\u00e4r vi h\u00f6ll p\u00e5 som b\u00e4st med ompackningen kom renen Leif f\u00f6rbi och h\u00e4lsade. Han \u00e4r lite v\u00e4l tam, det \u00e4r liksom sv\u00e5rt att veta hur man skall bli av med honom. Trots allt, renar \u00e4r r\u00e4tt s\u00e5 stora djur. Men han tr\u00f6ttnade snart och lunkade vidare men vi han f\u00e5 lite bilder iaf p\u00e5 honom.<br \/>\nEfter m\u00f6tet blev det farv\u00e4l och hejd\u00e5-kramar. Alla begav sig \u00e5t lite olika h\u00e5ll. Lina och Ann \u00e5kte med Anns pappa hem\u00e5t. Mats, Jenny och Vilda i deras bil. Olle skulle ta t\u00e5get till Uppsala och jag bilen till G\u00f6teborg. B\u00e5de jag och Olle som skulle lite l\u00e4ngre ins\u00e5g att vi beh\u00f6vde lunch s\u00e5 vi begav oss till \u00c5re och intog lunch ihop. Olles t\u00e5g gick inte f\u00f6rr\u00e4n efter kl 7 p\u00e5 kv\u00e4llen s\u00e5 han fick spendera eftermiddagen i \u00c5re. Jag begav mig dock av mot G\u00f6teborg efter att sagt hejd\u00e5 till Olle. Strax efter elva p\u00e5 kv\u00e4llen kom jag s\u00e5 \u00e4ntligen hem till. Och d\u00e4rmed var \u00e4ventyret p\u00e5 Sylarna slut&#8230; i alla fall f\u00f6r den h\u00e4r g\u00e5ngen.<\/p>\n","protected":false},"excerpt":{"rendered":"<p>M\u00e5ndag 30\/4 Valborg. Idag var v\u00e4dret ungef\u00e4r samma som ig\u00e5r. Christian som var med p\u00e5 den ena fotokursen kom tillbaka och h\u00e4lsade p\u00e5. Han hade hoppats kunna fota lite av renarna men v\u00e4dret satte stopp f\u00f6r det. Dimman gjorde det om\u00f6jligt att hitta n\u00e5gra renar. Innan lunch gjorde jag och Mats iordning Majbrasan. Vi r\u00f6jde [&hellip;]<\/p>\n","protected":false},"author":2,"featured_media":0,"comment_status":"open","ping_status":"open","sticky":false,"template":"","format":"standard","meta":{"_et_pb_use_builder":"","_et_pb_old_content":"","_et_gb_content_width":"","footnotes":""},"categories":[34],"tags":[],"class_list":["post-341","post","type-post","status-publish","format-standard","hentry","category-sylarna"],"_links":{"self":[{"href":"https:\/\/www.yelloworb.com\/orbblog\/wp-json\/wp\/v2\/posts\/341","targetHints":{"allow":["GET"]}}],"collection":[{"href":"https:\/\/www.yelloworb.com\/orbblog\/wp-json\/wp\/v2\/posts"}],"about":[{"href":"https:\/\/www.yelloworb.com\/orbblog\/wp-json\/wp\/v2\/types\/post"}],"author":[{"embeddable":true,"href":"https:\/\/www.yelloworb.com\/orbblog\/wp-json\/wp\/v2\/users\/2"}],"replies":[{"embeddable":true,"href":"https:\/\/www.yelloworb.com\/orbblog\/wp-json\/wp\/v2\/comments?post=341"}],"version-history":[{"count":0,"href":"https:\/\/www.yelloworb.com\/orbblog\/wp-json\/wp\/v2\/posts\/341\/revisions"}],"wp:attachment":[{"href":"https:\/\/www.yelloworb.com\/orbblog\/wp-json\/wp\/v2\/media?parent=341"}],"wp:term":[{"taxonomy":"category","embeddable":true,"href":"https:\/\/www.yelloworb.com\/orbblog\/wp-json\/wp\/v2\/categories?post=341"},{"taxonomy":"post_tag","embeddable":true,"href":"https:\/\/www.yelloworb.com\/orbblog\/wp-json\/wp\/v2\/tags?post=341"}],"curies":[{"name":"wp","href":"https:\/\/api.w.org\/{rel}","templated":true}]}}